{"id":912,"date":"2015-10-11T10:42:37","date_gmt":"2015-10-11T17:42:37","guid":{"rendered":"http:\/\/illaboratoriodiserenazampini.com\/wordpress\/?p=912"},"modified":"2017-03-05T04:29:25","modified_gmt":"2017-03-05T11:29:25","slug":"musicoterapia-biologica-la-sezione-aurea-di-lunedi-sessioni-individuali-e-nei-weekend-seminari-di-gruppo","status":"publish","type":"post","link":"https:\/\/www.illaboratoriodiserenazampini.com\/wordpress\/?p=912","title":{"rendered":"MUSICOTERAPIA BIOLOGICA, LA SEZIONE AUREA: di luned\u00ec sessioni individuali e nei weekend Seminari di gruppo"},"content":{"rendered":"<p>IL LUNEDI&#8217;: Tommaso Ferrini conduce corsi di MUSICOTERAPIA BIOLOGICA, LA SEZIONE AUREA: sessioni individuali, dal tardo pomeriggio in poi. E un SEMINARIO al mese, per gruppi.<br \/>\nCorso di Musicoterapia<br \/>\nper i trattamenti singoli sono disponibili i seguenti orari:<br \/>\ntutti i luned\u00ec: 17-18 \/ 18-19 \/ 19-20 \/ 20.30-21.30 \/ 21.30-22.30<br \/>\nDate Seminarii<br \/>\n*Sabato 31 ottobre, Seminario su primo Chakra Muladhara, h 15.30<br \/>\n*Sabato 28 novembre, Seminario su secondo Chakra Svadhishthana, h 15.30<br \/>\n*Domenica 20 dicembre, Seminario su terzo Chakra Manipura, h 16.30<br \/>\nLe date da gennaio a giugno saranno comunicate prossimamente; per partecipare al seminario \u00e8 obbligatorio iscriversi con almeno una settimana di anticipo.<br \/>\nLa Musica Biologica a cura di Tommaso Ferrini.<br \/>\nCos\u00ec come il vento \u00e8 da noi percepito sebbene invisibile al nostro senso della vista, esistono altri agenti esterni che agiscono su di noi anche in modo profondamente invasivo pur non risultando captabili dai nostri cinque sensi.Uno di questi agenti, quello da cui nasce l&#8217;idea di un corso di musica &#8221;biologica&#8221;, \u00e8 la vibrazione nella sua forma di onda elettromagnetica. Tutto ci\u00f2 che abbiamo attorno vibra e di conseguenza produce un&#8217;onda che, impattando il nostro corpo, lo sottopone al suo influsso; non tutto ci\u00f2 che vibra risulta percepibile al nostro senso dell&#8217;udito che \u00e8 in grado di decodificare frequenze che vanno da 20 a 20.000Hz, ma questo non vuol dire che non siacomunque percepito sotto altre forme dal nostro corpo e dal nostro intelletto.Nel nostro quotidiano siamo contornati solo ed esclusivamente da frequenze che risultano in contrasto con quelle naturali, quelle cio\u00e8 prodotte dal nostro stesso corpo, e similmente alla distorsione che si crea tra le onde prodotte da due sassi gettati uno accanto all&#8217;altro in uno stagno queste vanno a creare interferenze distruttive col nostro organismo che le manifesta attraverso patologie croniche e disfunzioni varie.Da qui il bisogno di creare musica che vibri in simpatia con noi riportandoci nella nostra dimensione naturale e, di conseguenza, all&#8217;armonia col nostro corpo; una musica &#8221;biologica&#8221; figlia della Sezione Aurea e della matematica dell&#8217;8.Per concludere pare lecito portare un esempio pratico di quanto strabiliante e impensabile sia l&#8217;impatto che le onde elettromagnetiche possono avere sugli organismi biologici: il biologo molecolare russo Pjotr Garjajev e la sua equipe hanno dimostrato al mondo che l&#8217;esposizione a onde elettromagnetiche \u00e8 in grado di modificare il patrimonio genetico degli organismi; esponendo infatti embrioni di rana a determinate frequenze sono andati a modificare il loro DNA trasformandoli in embrioni di salamandra; da quegli embrioni non sarebbero perci\u00f2 pi\u00f9 nate delle rane, bens\u00ec delle salamandre, e questo impone un&#8217;attentariflessione.\ufffc<br \/>\nLa musica a cui verranno esposti i partecipanti \u00e8 composta ad hoc e tiene conto delle pi\u00f9 recenti teorie vibrazionali (multipli di 8, 432Hz, scala aurea).Il lavoro \u00e8 volto al risveglio e alla riarmonizzazione dei Chakra (i brani sono mirati a far vibrare levarie zone del corpo a loro corrispondenti) con la prospettiva di riuscire a ristabilire un contatto col proprio corpo e, successivamente, col proprio Io.gli incontri previsti sono di due tipi diversi:1_Trattamento singolo: seduta della durata di un&#8217;ora in cui il fruitore viene esposto ai brani relativi ai diversi Chakra con ulteriore stimolazione dei medesimi attraverso l&#8217;uso di Reiki, Shiatsu e vocalizzazioni sui punti ove si riscontrano ingorghi energetici.2_Seminario: seduta della durata di un&#8217;ora e mezza in cui si approfondiscono aspetti teorici con spunti e riflessioni sul parallelo instaurabile tra le teorie della fisica quantistica e il misticismo orientale; in pi\u00f9 \u00e8 prevista una parte pratica articolata in meditazioni guidate sui vari chakra e relativi esercizi fisici (respirazione, Bioenergetica, Yoga).per informazioni e iscrizioni: Tommaso Ferrini+39.347.94.72.841 tommaso.ferrini.85@gmail.com\ufffc<\/p>\n<p><span style=\"color: #993366;\">Il laboratorio \u00e8 un&#8217;associazione A.I.C.S e la <strong>tessera \u00e8 obbligatoria<\/strong> per partecipare a qualsiasi attivit\u00e0.<br \/>\nValidit\u00e0 <strong>1\u00b0 settembre<\/strong> &#8211; <strong>31 agosto<\/strong>. Costo <strong>10 euro<\/strong>.<\/span><\/p>\n","protected":false},"excerpt":{"rendered":"<p>IL LUNEDI&#8217;: Tommaso Ferrini conduce corsi di MUSICOTERAPIA BIOLOGICA, LA SEZIONE AUREA: sessioni individuali, dal tardo pomeriggio in poi. E un SEMINARIO al mese, per gruppi. Corso di Musicoterapia per i trattamenti singoli sono disponibili i seguenti orari: tutti i luned\u00ec: 17-18 \/ 18-19 \/ 19-20 \/ 20.30-21.30 \/ 21.30-22.30 Date Seminarii *Sabato 31 ottobre, [&hellip;]<\/p>\n","protected":false},"author":1,"featured_media":0,"comment_status":"closed","ping_status":"closed","sticky":false,"template":"","format":"standard","meta":{"footnotes":""},"categories":[1],"tags":[],"class_list":["post-912","post","type-post","status-publish","format-standard","hentry","category-laboratorio"],"_links":{"self":[{"href":"https:\/\/www.illaboratoriodiserenazampini.com\/wordpress\/index.php?rest_route=\/wp\/v2\/posts\/912","targetHints":{"allow":["GET"]}}],"collection":[{"href":"https:\/\/www.illaboratoriodiserenazampini.com\/wordpress\/index.php?rest_route=\/wp\/v2\/posts"}],"about":[{"href":"https:\/\/www.illaboratoriodiserenazampini.com\/wordpress\/index.php?rest_route=\/wp\/v2\/types\/post"}],"author":[{"embeddable":true,"href":"https:\/\/www.illaboratoriodiserenazampini.com\/wordpress\/index.php?rest_route=\/wp\/v2\/users\/1"}],"replies":[{"embeddable":true,"href":"https:\/\/www.illaboratoriodiserenazampini.com\/wordpress\/index.php?rest_route=%2Fwp%2Fv2%2Fcomments&post=912"}],"version-history":[{"count":4,"href":"https:\/\/www.illaboratoriodiserenazampini.com\/wordpress\/index.php?rest_route=\/wp\/v2\/posts\/912\/revisions"}],"predecessor-version":[{"id":1478,"href":"https:\/\/www.illaboratoriodiserenazampini.com\/wordpress\/index.php?rest_route=\/wp\/v2\/posts\/912\/revisions\/1478"}],"wp:attachment":[{"href":"https:\/\/www.illaboratoriodiserenazampini.com\/wordpress\/index.php?rest_route=%2Fwp%2Fv2%2Fmedia&parent=912"}],"wp:term":[{"taxonomy":"category","embeddable":true,"href":"https:\/\/www.illaboratoriodiserenazampini.com\/wordpress\/index.php?rest_route=%2Fwp%2Fv2%2Fcategories&post=912"},{"taxonomy":"post_tag","embeddable":true,"href":"https:\/\/www.illaboratoriodiserenazampini.com\/wordpress\/index.php?rest_route=%2Fwp%2Fv2%2Ftags&post=912"}],"curies":[{"name":"wp","href":"https:\/\/api.w.org\/{rel}","templated":true}]}}