{"id":681,"date":"2014-12-16T09:55:08","date_gmt":"2014-12-16T16:55:08","guid":{"rendered":"http:\/\/illaboratoriodiserenazampini.com\/wordpress\/?p=681"},"modified":"2014-12-16T09:58:12","modified_gmt":"2014-12-16T16:58:12","slug":"giovedi-18-o-venerdi-19-2-serate-di-2-ore-a-scelta-in-2-luoghi-diversi%e2%80%a6fate-voi","status":"publish","type":"post","link":"https:\/\/www.illaboratoriodiserenazampini.com\/wordpress\/?p=681","title":{"rendered":"Gioved\u00ec 18 o Venerd\u00ec 19 ? 2 serate di 2 ore, a scelta, in 2 luoghi diversi\u2026fate voi!"},"content":{"rendered":"<div id=\"_mcePaste\" style=\"position: absolute; left: -10000px; top: 0px; width: 1px; height: 1px; overflow: hidden;\">Vado a Belluno, domenica, questa domenica, il 21 dicembre, per un seminario di TangoOlistico\u00ae tutto sui Pink Floyd , condotto ovviamente da Massimo Habib\ufeff! Nell&#8217;attesa (non vedo l&#8217;ora!) sto preparando le serate di GIOVEDI&#8217; e VENERDI&#8217;, s\u00ec, di questa settimana, per le due per di lezione che propongo sempre fra LABORTANGO e TangoOlistico\u00ae: la scaletta musicale, letture, approfondimenti, il tema da proporre per ogni pezzo\u2026 e una &#8220;frame&#8221; su cui farvi lavorare anche liberamente. E immagino come sarete splendidi, nell&#8217;esprimervi col corpo, senza giudizio, nella bellezza di ci\u00f2 che siamo, nella postura che dice &#8220;sono io&#8221;. Vi aspetto!!! Il gruppo, sapete, \u00e8 davvero una cosa importante, insieme si costruisce molto. Chi \u00e8 libero questo GIOVEDI&#8217;? L&#8217;incontro \u00e8 all&#8217; UpSideDown Laboratorio Danza\ufeff di Giulia Ottanelli\ufeff, alle 19.30, per due ore\u2026<\/div>\n<div id=\"_mcePaste\" style=\"position: absolute; left: -10000px; top: 0px; width: 1px; height: 1px; overflow: hidden;\">Mentre chi \u00e8 libero VENERDI&#8217;? Ecco sar\u00f2 \u00a0dalle 19:00, sempre per due ore, ma qui da me, al Laboratorio, in via Palestro 1. Non mancate!<\/div>\n<p>Vado a Belluno, domenica, questa domenica, il 21 dicembre, per un seminario di TangoOlistico\u00ae tutto sui Pink Floyd , condotto ovviamente da Massimo Habib\ufeff! Nell&#8217;attesa (non vedo l&#8217;ora!) sto preparando le serate di GIOVEDI&#8217; e VENERDI&#8217;, s\u00ec, di questa settimana, per le due per di lezione che propongo sempre fra LABORTANGO e TangoOlistico\u00ae: la scaletta musicale, letture, approfondimenti, il tema da proporre per ogni pezzo\u2026 e una &#8220;frame&#8221; su cui farvi lavorare anche liberamente. E immagino come sarete splendidi, nell&#8217;esprimervi col corpo, senza giudizio, nella bellezza di ci\u00f2 che siamo, nella postura che dice &#8220;sono io&#8221;. Vi aspetto!!! Il gruppo, sapete, \u00e8 davvero una cosa importante, insieme si costruisce molto. Chi \u00e8 libero questo GIOVEDI&#8217;? L&#8217;incontro \u00e8 all&#8217; UpSideDown Laboratorio Danza\ufeff di Giulia Ottanelli\ufeff, alle 19.30, per due ore\u2026<\/p>\n<p>Mentre chi \u00e8 libero VENERDI&#8217;? Ecco sar\u00f2 \u00a0dalle 19:00, sempre per due ore, ma qui da me, al Laboratorio, in via Palestro 1. Non mancate!<\/p>\n","protected":false},"excerpt":{"rendered":"<p>Vado a Belluno, domenica, questa domenica, il 21 dicembre, per un seminario di TangoOlistico\u00ae tutto sui Pink Floyd , condotto ovviamente da Massimo Habib\ufeff! Nell&#8217;attesa (non vedo l&#8217;ora!) sto preparando le serate di GIOVEDI&#8217; e VENERDI&#8217;, s\u00ec, di questa settimana, per le due per di lezione che propongo sempre fra LABORTANGO e TangoOlistico\u00ae: la scaletta [&hellip;]<\/p>\n","protected":false},"author":1,"featured_media":0,"comment_status":"closed","ping_status":"closed","sticky":false,"template":"","format":"standard","meta":{"footnotes":""},"categories":[1,4,12],"tags":[],"class_list":["post-681","post","type-post","status-publish","format-standard","hentry","category-laboratorio","category-labortango","category-tangoolistico"],"_links":{"self":[{"href":"https:\/\/www.illaboratoriodiserenazampini.com\/wordpress\/index.php?rest_route=\/wp\/v2\/posts\/681","targetHints":{"allow":["GET"]}}],"collection":[{"href":"https:\/\/www.illaboratoriodiserenazampini.com\/wordpress\/index.php?rest_route=\/wp\/v2\/posts"}],"about":[{"href":"https:\/\/www.illaboratoriodiserenazampini.com\/wordpress\/index.php?rest_route=\/wp\/v2\/types\/post"}],"author":[{"embeddable":true,"href":"https:\/\/www.illaboratoriodiserenazampini.com\/wordpress\/index.php?rest_route=\/wp\/v2\/users\/1"}],"replies":[{"embeddable":true,"href":"https:\/\/www.illaboratoriodiserenazampini.com\/wordpress\/index.php?rest_route=%2Fwp%2Fv2%2Fcomments&post=681"}],"version-history":[{"count":2,"href":"https:\/\/www.illaboratoriodiserenazampini.com\/wordpress\/index.php?rest_route=\/wp\/v2\/posts\/681\/revisions"}],"predecessor-version":[{"id":683,"href":"https:\/\/www.illaboratoriodiserenazampini.com\/wordpress\/index.php?rest_route=\/wp\/v2\/posts\/681\/revisions\/683"}],"wp:attachment":[{"href":"https:\/\/www.illaboratoriodiserenazampini.com\/wordpress\/index.php?rest_route=%2Fwp%2Fv2%2Fmedia&parent=681"}],"wp:term":[{"taxonomy":"category","embeddable":true,"href":"https:\/\/www.illaboratoriodiserenazampini.com\/wordpress\/index.php?rest_route=%2Fwp%2Fv2%2Fcategories&post=681"},{"taxonomy":"post_tag","embeddable":true,"href":"https:\/\/www.illaboratoriodiserenazampini.com\/wordpress\/index.php?rest_route=%2Fwp%2Fv2%2Ftags&post=681"}],"curies":[{"name":"wp","href":"https:\/\/api.w.org\/{rel}","templated":true}]}}