{"id":2823,"date":"2023-11-18T09:33:21","date_gmt":"2023-11-18T16:33:21","guid":{"rendered":"https:\/\/www.illaboratoriodiserenazampini.com\/wordpress\/?p=2823"},"modified":"2023-11-18T09:48:57","modified_gmt":"2023-11-18T16:48:57","slug":"sessione-adulti-una-giornata-esperienziale-con-il-drago-domenica-3-dicembre","status":"publish","type":"post","link":"https:\/\/www.illaboratoriodiserenazampini.com\/wordpress\/?p=2823","title":{"rendered":"Sessione adulti: una giornata esperienziale con il drago. Domenica 3 dicembre"},"content":{"rendered":"<p><img loading=\"lazy\" decoding=\"async\" class=\"alignnone size-full wp-image-2829\" src=\"https:\/\/www.illaboratoriodiserenazampini.com\/wordpress\/wp-content\/uploads\/2023\/11\/DRAGO-seminario-fronte-560.jpg\" alt=\"DRAGO-seminario-fronte-560\" width=\"560\" height=\"784\" srcset=\"https:\/\/www.illaboratoriodiserenazampini.com\/wordpress\/wp-content\/uploads\/2023\/11\/DRAGO-seminario-fronte-560.jpg 560w, https:\/\/www.illaboratoriodiserenazampini.com\/wordpress\/wp-content\/uploads\/2023\/11\/DRAGO-seminario-fronte-560-214x300.jpg 214w\" sizes=\"auto, (max-width: 560px) 100vw, 560px\" \/><\/p>\n<p><strong>LA PERLA DI FUOCO TRASFORMATRICE IN NOI <\/strong><\/p>\n<p><strong>GIORNATA ESPERIENZIALE CON IL DRAGO<\/strong><\/p>\n<p>S\u00ec, una giornata co-condotta da Simona Varrella e Serena Zampini.<br \/>\nDue tipi di lavoro diversi, ma connessi.<br \/>\nDue conduzioni che si alterneranno durante la giornata.<br \/>\nPer voi, in gruppo.<\/p>\n<p><strong>DOMENICA 3 DICEMBRE 2023<br \/>\ndalle 10 alle 17<\/strong><br \/>\nInsieme andremo ad osservare ed incontrare l\u2019essenza della nostra natura primordiale: il drago, che \u00e8 la nostra natura selvaggia, forte e potente, dove ci sono luoghi nuovi, forze indomate e altre forse gi\u00e0 comprese. Lo faremo tramite il corpo, che mai mente: il nostro fuoco, la nostra potenza interiore e creatrice che sbocci di bellezza!<\/p>\n<p><strong>Giornata co-condotta da<br \/>\nDott.ssa Simona Varrella<br \/>\nSerena Zampini<\/strong><\/p>\n<p><strong>Simona<\/strong><br \/>\nIn questo seminario vi condurr\u00f2 nell\u2019esperienza del Drago tramite la visualizzazione, condivisione e trasformazione di tutto ci\u00f2 che vivremo insieme durante la giornata.<br \/>\n<strong>BIO<\/strong><br \/>\nCounselor olistica, Master Reiki, esperta in Fiori di Bach, accompagno le persone in percorsi di crescita personale con le tecniche e le competenze che nel corso degli anni ho maturato e sperimentato e che continuo ancora oggi ad approfondire per il mio lavoro con gli altri e, in primis, su me stessa.<\/p>\n<p><strong>Serena<\/strong><br \/>\nCol TangoOlistico\u00ae questa giornata giocher\u00e0 a mettere in movimento i ruoli maschile e femminile che ognuno ha in s\u00e9, andando a ri-conoscere il nostro fuoco che \u00e8 forza e che ci fa andare verso gli altri, verso il mondo, ma che alle volte attende e implode, altre esplode. Spesso si negano impulsi sani e si predilige l\u2019uscita di quelli insani. Vediamoli tutti, \u201cabbracciamoli\u201d, e proviamo a cambiare rotta alla fiamme e ad essere pronti a \u201ctrasformare\u201d.<br \/>\n<strong>BIO<\/strong><br \/>\nSono un\u2019artista e performer indipendente, operatrice trainer di TangoOlistico\u00ae, che non \u00e8 una tecnica di danza ma un percorso di crescita personale con alternanza ballo &#8211; dialogo &#8211; condivisione.<\/p>\n<p><strong>QUANDO: Domenica 3 dicembre dalle 10:00 alle 17:00<br \/>\nDOVE: al Laboratorio, Via Palestro 1 Pistoia<br \/>\nCOSTO: 80\u20ac<\/strong><\/p>\n<p><strong>INFO IMPORTANTI:<\/strong><br \/>\n\u2022 Arrivo 10 minuti prima dell\u2019inizio<br \/>\n\u2022 Abbigliamento comodo, si tolgono le scarpe entrando quindi portarsi uno o due paia di calzini in pi\u00f9<br \/>\n\u2022 Portare un cuscino + una copertina leggera<br \/>\n\u2022 Ogni partecipante avr\u00e0 un\u2019ora circa di pausa pranzo alle ore 13:30 (da organizzare autonomamente)<br \/>\n\u2022 Prenotazione necessaria con caparra di 40\u20ac entro il giorno 27 novembre e saldo il giorno dell\u2019evento.<\/p>\n<p><strong>Info e prenotazioni:<\/strong><br \/>\n<strong>Simona Varrella<\/strong><br \/>\n347 0008207<br \/>\n<a href=\"mailto:simona.varrella.fi@gmail.com\">simona.varrella.fi@gmail.com<\/a><\/p>\n<p><strong>Serena Zampini<\/strong><br \/>\n347 8724097<br \/>\n<a href=\"mailto:info@illaboratoriodiserenazampini.com\">info@illaboratoriodiserenazampini.com<\/a><\/p>\n<p>&nbsp;<\/p>\n<p><img loading=\"lazy\" decoding=\"async\" class=\"alignnone size-full wp-image-2830\" src=\"https:\/\/www.illaboratoriodiserenazampini.com\/wordpress\/wp-content\/uploads\/2023\/11\/DRAGO-seminario-retro-560.jpg\" alt=\"DRAGO-seminario-retro-560\" width=\"560\" height=\"784\" srcset=\"https:\/\/www.illaboratoriodiserenazampini.com\/wordpress\/wp-content\/uploads\/2023\/11\/DRAGO-seminario-retro-560.jpg 560w, https:\/\/www.illaboratoriodiserenazampini.com\/wordpress\/wp-content\/uploads\/2023\/11\/DRAGO-seminario-retro-560-214x300.jpg 214w\" sizes=\"auto, (max-width: 560px) 100vw, 560px\" \/><\/p>\n","protected":false},"excerpt":{"rendered":"<p>LA PERLA DI FUOCO TRASFORMATRICE IN NOI GIORNATA ESPERIENZIALE CON IL DRAGO S\u00ec, una giornata co-condotta da Simona Varrella e Serena Zampini. Due tipi di lavoro diversi, ma connessi. Due conduzioni che si alterneranno durante la giornata. Per voi, in gruppo. DOMENICA 3 DICEMBRE 2023 dalle 10 alle 17 Insieme andremo ad osservare ed incontrare [&hellip;]<\/p>\n","protected":false},"author":1,"featured_media":0,"comment_status":"closed","ping_status":"closed","sticky":false,"template":"","format":"standard","meta":{"footnotes":""},"categories":[14,13,1,8,5,12],"tags":[],"class_list":["post-2823","post","type-post","status-publish","format-standard","hentry","category-col-laboratorio","category-eventi","category-laboratorio","category-musica","category-serenartista","category-tangoolistico"],"_links":{"self":[{"href":"https:\/\/www.illaboratoriodiserenazampini.com\/wordpress\/index.php?rest_route=\/wp\/v2\/posts\/2823","targetHints":{"allow":["GET"]}}],"collection":[{"href":"https:\/\/www.illaboratoriodiserenazampini.com\/wordpress\/index.php?rest_route=\/wp\/v2\/posts"}],"about":[{"href":"https:\/\/www.illaboratoriodiserenazampini.com\/wordpress\/index.php?rest_route=\/wp\/v2\/types\/post"}],"author":[{"embeddable":true,"href":"https:\/\/www.illaboratoriodiserenazampini.com\/wordpress\/index.php?rest_route=\/wp\/v2\/users\/1"}],"replies":[{"embeddable":true,"href":"https:\/\/www.illaboratoriodiserenazampini.com\/wordpress\/index.php?rest_route=%2Fwp%2Fv2%2Fcomments&post=2823"}],"version-history":[{"count":6,"href":"https:\/\/www.illaboratoriodiserenazampini.com\/wordpress\/index.php?rest_route=\/wp\/v2\/posts\/2823\/revisions"}],"predecessor-version":[{"id":2831,"href":"https:\/\/www.illaboratoriodiserenazampini.com\/wordpress\/index.php?rest_route=\/wp\/v2\/posts\/2823\/revisions\/2831"}],"wp:attachment":[{"href":"https:\/\/www.illaboratoriodiserenazampini.com\/wordpress\/index.php?rest_route=%2Fwp%2Fv2%2Fmedia&parent=2823"}],"wp:term":[{"taxonomy":"category","embeddable":true,"href":"https:\/\/www.illaboratoriodiserenazampini.com\/wordpress\/index.php?rest_route=%2Fwp%2Fv2%2Fcategories&post=2823"},{"taxonomy":"post_tag","embeddable":true,"href":"https:\/\/www.illaboratoriodiserenazampini.com\/wordpress\/index.php?rest_route=%2Fwp%2Fv2%2Ftags&post=2823"}],"curies":[{"name":"wp","href":"https:\/\/api.w.org\/{rel}","templated":true}]}}