{"id":235,"date":"2011-03-01T04:21:52","date_gmt":"2011-03-01T11:21:52","guid":{"rendered":"http:\/\/illaboratoriodiserenazampini.com\/wordpress\/?p=235"},"modified":"2012-02-01T14:59:36","modified_gmt":"2012-02-01T21:59:36","slug":"inizi-900-buenos-aires","status":"publish","type":"post","link":"https:\/\/www.illaboratoriodiserenazampini.com\/wordpress\/?p=235","title":{"rendered":"inizi &#8216;900, Buenos Aires"},"content":{"rendered":"<p>eccomi, in ritardo come sempre&#8230; nel raccontarvi la lezione di LABORTANGO del 22 febbraio. ho parlato del tango di inizio &#8216;900, con riferimenti alla musica, dove veniva suonata, da chi, l&#8217;ascolto e talvolta il ballo&#8230; quindi i primi musicisti, come Rosendo Mendiz\u00e0bal, Carlos Posadas, Alberico Sp\u00e1tola&#8230; ho raccontato delle &#8220;case&#8221; di Laura e Maria La Basca, in cui ci si ritrovava, a Buenos Aires, per ascoltare e talvolta ballare (se ci si organizzava in tempo a portar le donne, le pi\u00f9 brave&#8230;) e le differenze fra le due. per poi introdurre la &#8220;Guardia Vieja&#8221;, cio\u00e8 la prima epoca del tango (tra gli anni &#8217;20 e gli inizi del &#8217;30), da molti considerata la pi\u00f9 autentica epoca del tango&#8230; il suo trionfo comincia a salire&#8230; portandosi ancora dietro per\u00f2 il sentimento del proibito&#8230; ho detto dei protagonisti musicali dei &#8220;primissimi anni d&#8217;oro&#8221;, e abbiam poi ascoltato e ballato: Canaro, D&#8217;rienzo&#8230; lo so, sembra che mi ripeta, ma l&#8217;energia era fantastica, e noi altre, poche marted\u00ec scorso, sinuose pi\u00f9 del solito&#8230; forse eravamo vere porte\u00f1e d&#8217;inizio secolo&#8230; con la luce soffusa e gli occhi perduti nell&#8217;oblio. avevo anche appeso allo specchio un mio collage che rappresenta un piccola mia visione di quella meraviglia di metropoli&#8230; e visto che ero a parlar degli &#8220;inizi&#8221; del tango, mi son umilmente permessa di raccontar anche i miei, che risalgono al 1993 a Berlino&#8230; a stasera!<\/p>\n","protected":false},"excerpt":{"rendered":"<p>eccomi, in ritardo come sempre&#8230; nel raccontarvi la lezione di LABORTANGO del 22 febbraio. ho parlato del tango di inizio &#8216;900, con riferimenti alla musica, dove veniva suonata, da chi, l&#8217;ascolto e talvolta il ballo&#8230; quindi i primi musicisti, come Rosendo Mendiz\u00e0bal, Carlos Posadas, Alberico Sp\u00e1tola&#8230; ho raccontato delle &#8220;case&#8221; di Laura e Maria La [&hellip;]<\/p>\n","protected":false},"author":1,"featured_media":0,"comment_status":"closed","ping_status":"closed","sticky":false,"template":"","format":"standard","meta":{"footnotes":""},"categories":[1],"tags":[],"class_list":["post-235","post","type-post","status-publish","format-standard","hentry","category-laboratorio"],"_links":{"self":[{"href":"https:\/\/www.illaboratoriodiserenazampini.com\/wordpress\/index.php?rest_route=\/wp\/v2\/posts\/235","targetHints":{"allow":["GET"]}}],"collection":[{"href":"https:\/\/www.illaboratoriodiserenazampini.com\/wordpress\/index.php?rest_route=\/wp\/v2\/posts"}],"about":[{"href":"https:\/\/www.illaboratoriodiserenazampini.com\/wordpress\/index.php?rest_route=\/wp\/v2\/types\/post"}],"author":[{"embeddable":true,"href":"https:\/\/www.illaboratoriodiserenazampini.com\/wordpress\/index.php?rest_route=\/wp\/v2\/users\/1"}],"replies":[{"embeddable":true,"href":"https:\/\/www.illaboratoriodiserenazampini.com\/wordpress\/index.php?rest_route=%2Fwp%2Fv2%2Fcomments&post=235"}],"version-history":[{"count":6,"href":"https:\/\/www.illaboratoriodiserenazampini.com\/wordpress\/index.php?rest_route=\/wp\/v2\/posts\/235\/revisions"}],"predecessor-version":[{"id":331,"href":"https:\/\/www.illaboratoriodiserenazampini.com\/wordpress\/index.php?rest_route=\/wp\/v2\/posts\/235\/revisions\/331"}],"wp:attachment":[{"href":"https:\/\/www.illaboratoriodiserenazampini.com\/wordpress\/index.php?rest_route=%2Fwp%2Fv2%2Fmedia&parent=235"}],"wp:term":[{"taxonomy":"category","embeddable":true,"href":"https:\/\/www.illaboratoriodiserenazampini.com\/wordpress\/index.php?rest_route=%2Fwp%2Fv2%2Fcategories&post=235"},{"taxonomy":"post_tag","embeddable":true,"href":"https:\/\/www.illaboratoriodiserenazampini.com\/wordpress\/index.php?rest_route=%2Fwp%2Fv2%2Ftags&post=235"}],"curies":[{"name":"wp","href":"https:\/\/api.w.org\/{rel}","templated":true}]}}