{"id":2182,"date":"2019-05-31T03:40:09","date_gmt":"2019-05-31T10:40:09","guid":{"rendered":"http:\/\/www.illaboratoriodiserenazampini.com\/wordpress\/?p=2182"},"modified":"2019-05-31T03:42:48","modified_gmt":"2019-05-31T10:42:48","slug":"la-mia-finestra-sul-mondo-performance-sabato-8-giugno","status":"publish","type":"post","link":"https:\/\/www.illaboratoriodiserenazampini.com\/wordpress\/?p=2182","title":{"rendered":"LA MIA FINESTRA SUL MONDO performance sabato 8 giugno"},"content":{"rendered":"<p>Questa quinta performance coi bambini sar\u00e0 diversa dalle altre. Ci saranno novit\u00e0. Subito visibili allo spettatore che entra.<\/p>\n<p>La preparazione, ogni gioved\u00ec pomeriggio sta sbocciando sempre pi\u00f9, i 5 protagonisti sono davvero concentrati e al contempo anarchici, per fortuna, e attenti, curiosi. Come sempre ho preparato una cornice, strutturata in base a chi sono i protagonisti, dove essi \u00a0si esprimeranno col movimento corporeo, anche improvvisando.<\/p>\n<p>LA MIA FINESTRA SUL MONDO \u00e8 mettere in azione i mondi finti a cui li costringiamo, a volte, e quelli autentici, pi\u00f9 istintivi e veri. Si raccontano: cosa amano, chi sono, e come si confrontano, fra loro, diversi o uguali. E non \u00e8 sempre facile, perch\u00e9 relazionarsi a volte \u00e8 faticoso e difficile. Specialmente quando l&#8217;altro \u00e8 cos\u00ec uguale a noi stessi!! Ma ci si pu\u00f2 provare.<\/p>\n<p>Ci sar\u00e0 un momento &#8220;nuovo&#8221;, che simboleggia il rito sacro del creare e distruggere, inteso come vita-morte. E altre folli sorprese.<img loading=\"lazy\" decoding=\"async\" class=\"alignnone size-full wp-image-2183\" src=\"http:\/\/www.illaboratoriodiserenazampini.com\/wordpress\/wp-content\/uploads\/2019\/05\/LA-MIA-FINESTRA-locandina.jpg\" alt=\"LA-MIA-FINESTRA-locandina\" width=\"560\" height=\"792\" srcset=\"https:\/\/www.illaboratoriodiserenazampini.com\/wordpress\/wp-content\/uploads\/2019\/05\/LA-MIA-FINESTRA-locandina.jpg 560w, https:\/\/www.illaboratoriodiserenazampini.com\/wordpress\/wp-content\/uploads\/2019\/05\/LA-MIA-FINESTRA-locandina-212x300.jpg 212w\" sizes=\"auto, (max-width: 560px) 100vw, 560px\" \/><\/p>\n","protected":false},"excerpt":{"rendered":"<p>Questa quinta performance coi bambini sar\u00e0 diversa dalle altre. Ci saranno novit\u00e0. Subito visibili allo spettatore che entra. La preparazione, ogni gioved\u00ec pomeriggio sta sbocciando sempre pi\u00f9, i 5 protagonisti sono davvero concentrati e al contempo anarchici, per fortuna, e attenti, curiosi. Come sempre ho preparato una cornice, strutturata in base a chi sono i [&hellip;]<\/p>\n","protected":false},"author":1,"featured_media":0,"comment_status":"closed","ping_status":"closed","sticky":false,"template":"","format":"standard","meta":{"footnotes":""},"categories":[15,17,13,1,8,5],"tags":[],"class_list":["post-2182","post","type-post","status-publish","format-standard","hentry","category-arte","category-bambini","category-eventi","category-laboratorio","category-musica","category-serenartista"],"_links":{"self":[{"href":"https:\/\/www.illaboratoriodiserenazampini.com\/wordpress\/index.php?rest_route=\/wp\/v2\/posts\/2182","targetHints":{"allow":["GET"]}}],"collection":[{"href":"https:\/\/www.illaboratoriodiserenazampini.com\/wordpress\/index.php?rest_route=\/wp\/v2\/posts"}],"about":[{"href":"https:\/\/www.illaboratoriodiserenazampini.com\/wordpress\/index.php?rest_route=\/wp\/v2\/types\/post"}],"author":[{"embeddable":true,"href":"https:\/\/www.illaboratoriodiserenazampini.com\/wordpress\/index.php?rest_route=\/wp\/v2\/users\/1"}],"replies":[{"embeddable":true,"href":"https:\/\/www.illaboratoriodiserenazampini.com\/wordpress\/index.php?rest_route=%2Fwp%2Fv2%2Fcomments&post=2182"}],"version-history":[{"count":3,"href":"https:\/\/www.illaboratoriodiserenazampini.com\/wordpress\/index.php?rest_route=\/wp\/v2\/posts\/2182\/revisions"}],"predecessor-version":[{"id":2186,"href":"https:\/\/www.illaboratoriodiserenazampini.com\/wordpress\/index.php?rest_route=\/wp\/v2\/posts\/2182\/revisions\/2186"}],"wp:attachment":[{"href":"https:\/\/www.illaboratoriodiserenazampini.com\/wordpress\/index.php?rest_route=%2Fwp%2Fv2%2Fmedia&parent=2182"}],"wp:term":[{"taxonomy":"category","embeddable":true,"href":"https:\/\/www.illaboratoriodiserenazampini.com\/wordpress\/index.php?rest_route=%2Fwp%2Fv2%2Fcategories&post=2182"},{"taxonomy":"post_tag","embeddable":true,"href":"https:\/\/www.illaboratoriodiserenazampini.com\/wordpress\/index.php?rest_route=%2Fwp%2Fv2%2Ftags&post=2182"}],"curies":[{"name":"wp","href":"https:\/\/api.w.org\/{rel}","templated":true}]}}