{"id":1996,"date":"2018-03-15T16:37:30","date_gmt":"2018-03-15T23:37:30","guid":{"rendered":"http:\/\/www.illaboratoriodiserenazampini.com\/wordpress\/?p=1996"},"modified":"2018-03-15T16:38:17","modified_gmt":"2018-03-15T23:38:17","slug":"sono-a-creare-spesso-non-mi-si-vede-ne-sul-sito-ne-su-fb-ho-da-fare-ma-ci-sono","status":"publish","type":"post","link":"https:\/\/www.illaboratoriodiserenazampini.com\/wordpress\/?p=1996","title":{"rendered":"Sono a creare, spesso non mi si &#8220;vede&#8221;, n\u00e9 sul sito, n\u00e9 su fb. Ho da fare! Ma ci sono."},"content":{"rendered":"<p>S\u00ec, se non scrivo e non invito \u00e8 perch\u00e9 sono nel silenzio, da sola, o nel lavoro, immersa.<br \/>\nHo inventato Sentire l&#8217;Arte e Il senso del ritmo e il gesto teatrale &#8211; labortango.<\/p>\n<p>Ne sono fiera, e sono qui, a disposizione.  <\/p>\n<p>Non \u00e8 famoso il Laboratorio, non lo sono nemmeno io, per fortuna!! e non sono parte di gruppi o radical chic pseudo intellettuali.<br \/>\nNessuna cerchia di chiss\u00e0 ch\u00ec.<br \/>\nMa studio, e leggo e vivo come TANTE TANTE TANTE altre persone. Normali. A modo mio. Come tutti.<br \/>\nSono un puntino nel mondo, come tutto ci\u00f2 che esiste. E voglio molto ESSERE, e vera e onesta. <\/p>\n<p>Adesso in particolare tutto va ancora di pi\u00f9 verso l&#8217;essenza pi\u00f9 vera. <\/p>\n<p>Mi piace andare nella direzione che mi indica il mio SENTIRE. Lui sa dove portarmi. Mi perdo, come tutti. E mi ritrovo, come tutti. <\/p>\n<p>Se vuoi essere, in onest\u00e0, sono qui. Se cerchi superficialit\u00e0 e ipocrisia, puoi andare da un&#8217;altra parte.<\/p>\n<p><img loading=\"lazy\" decoding=\"async\" src=\"http:\/\/www.illaboratoriodiserenazampini.com\/wordpress\/wp-content\/uploads\/2017\/01\/DSF4168-e1488712886290.jpg\" alt=\"_DSF4168\" width=\"560\" height=\"373\" class=\"alignnone size-full wp-image-1446\" \/><\/p>\n","protected":false},"excerpt":{"rendered":"<p>S\u00ec, se non scrivo e non invito \u00e8 perch\u00e9 sono nel silenzio, da sola, o nel lavoro, immersa. Ho inventato Sentire l&#8217;Arte e Il senso del ritmo e il gesto teatrale &#8211; labortango. Ne sono fiera, e sono qui, a disposizione. Non \u00e8 famoso il Laboratorio, non lo sono nemmeno io, per fortuna!! e non [&hellip;]<\/p>\n","protected":false},"author":1,"featured_media":0,"comment_status":"closed","ping_status":"closed","sticky":false,"template":"","format":"standard","meta":{"footnotes":""},"categories":[1,5],"tags":[],"class_list":["post-1996","post","type-post","status-publish","format-standard","hentry","category-laboratorio","category-serenartista"],"_links":{"self":[{"href":"https:\/\/www.illaboratoriodiserenazampini.com\/wordpress\/index.php?rest_route=\/wp\/v2\/posts\/1996","targetHints":{"allow":["GET"]}}],"collection":[{"href":"https:\/\/www.illaboratoriodiserenazampini.com\/wordpress\/index.php?rest_route=\/wp\/v2\/posts"}],"about":[{"href":"https:\/\/www.illaboratoriodiserenazampini.com\/wordpress\/index.php?rest_route=\/wp\/v2\/types\/post"}],"author":[{"embeddable":true,"href":"https:\/\/www.illaboratoriodiserenazampini.com\/wordpress\/index.php?rest_route=\/wp\/v2\/users\/1"}],"replies":[{"embeddable":true,"href":"https:\/\/www.illaboratoriodiserenazampini.com\/wordpress\/index.php?rest_route=%2Fwp%2Fv2%2Fcomments&post=1996"}],"version-history":[{"count":3,"href":"https:\/\/www.illaboratoriodiserenazampini.com\/wordpress\/index.php?rest_route=\/wp\/v2\/posts\/1996\/revisions"}],"predecessor-version":[{"id":1999,"href":"https:\/\/www.illaboratoriodiserenazampini.com\/wordpress\/index.php?rest_route=\/wp\/v2\/posts\/1996\/revisions\/1999"}],"wp:attachment":[{"href":"https:\/\/www.illaboratoriodiserenazampini.com\/wordpress\/index.php?rest_route=%2Fwp%2Fv2%2Fmedia&parent=1996"}],"wp:term":[{"taxonomy":"category","embeddable":true,"href":"https:\/\/www.illaboratoriodiserenazampini.com\/wordpress\/index.php?rest_route=%2Fwp%2Fv2%2Fcategories&post=1996"},{"taxonomy":"post_tag","embeddable":true,"href":"https:\/\/www.illaboratoriodiserenazampini.com\/wordpress\/index.php?rest_route=%2Fwp%2Fv2%2Ftags&post=1996"}],"curies":[{"name":"wp","href":"https:\/\/api.w.org\/{rel}","templated":true}]}}