{"id":1816,"date":"2017-10-02T03:20:04","date_gmt":"2017-10-02T10:20:04","guid":{"rendered":"http:\/\/www.illaboratoriodiserenazampini.com\/wordpress\/?p=1816"},"modified":"2017-10-29T04:22:23","modified_gmt":"2017-10-29T11:22:23","slug":"ci-siamo-dalla-radice-al-fiore-torna-per-voi","status":"publish","type":"post","link":"https:\/\/www.illaboratoriodiserenazampini.com\/wordpress\/?p=1816","title":{"rendered":"Ci siamo, DALLA RADICE AL FIORE torna per voi!"},"content":{"rendered":"<p><img loading=\"lazy\" decoding=\"async\" src=\"http:\/\/www.illaboratoriodiserenazampini.com\/wordpress\/wp-content\/uploads\/2017\/10\/02-RADICE-FIORE-ott17-A.jpg\" alt=\"02-RADICE-FIORE-ott17-A\" width=\"560\" height=\"784\" class=\"alignnone size-full wp-image-1817\" srcset=\"https:\/\/www.illaboratoriodiserenazampini.com\/wordpress\/wp-content\/uploads\/2017\/10\/02-RADICE-FIORE-ott17-A.jpg 560w, https:\/\/www.illaboratoriodiserenazampini.com\/wordpress\/wp-content\/uploads\/2017\/10\/02-RADICE-FIORE-ott17-A-214x300.jpg 214w\" sizes=\"auto, (max-width: 560px) 100vw, 560px\" \/><\/p>\n<p><img loading=\"lazy\" decoding=\"async\" src=\"http:\/\/www.illaboratoriodiserenazampini.com\/wordpress\/wp-content\/uploads\/2017\/10\/02-RADICE-FIORE-ott17-B.jpg\" alt=\"02-RADICE-FIORE-ott17-B\" width=\"560\" height=\"784\" class=\"alignnone size-full wp-image-1819\" srcset=\"https:\/\/www.illaboratoriodiserenazampini.com\/wordpress\/wp-content\/uploads\/2017\/10\/02-RADICE-FIORE-ott17-B.jpg 560w, https:\/\/www.illaboratoriodiserenazampini.com\/wordpress\/wp-content\/uploads\/2017\/10\/02-RADICE-FIORE-ott17-B-214x300.jpg 214w\" sizes=\"auto, (max-width: 560px) 100vw, 560px\" \/><\/p>\n<p>Luned\u00ec 23 e 30 Ottobre &#8211; 6 e 13 Novembre 2017 dalle 21 alle 23<\/p>\n<p>DALLA RADICE AL FIORE<br \/>\nUn laboratorio tra espressione artistica e botanica<\/p>\n<p>Il Laboratorio DALLA RADICE AL FIORE \u00e8 strutturato in 4 incontri ed \u00e8 pensato pensato per farti esplorare le tue abilit\u00e0 espressive e artistiche grazie al contatto con il colore, con il movimento, con la voce attraverso la scoperta del mondo vegetale.<br \/>\nLe piante non sono cos\u00ec diverse da te. Sono come il tuo corpo che STA, con radici nella terra e fiori che tendono verso l\u2019alto.<\/p>\n<p>23 OTTOBRE: Estrazione del colore da piante spontanee; Sentire l\u2019arte: disegno e colore per trovare la tua essenza<br \/>\n30 OTTOBRE: Scopri il tuo alleato vegetale; il Giardino immaginato<br \/>\n6 NOVEMBRE: Io come pianta: sperimento il movimento del mio corpo e trovo il mio gesto<br \/>\n13 NOVEMBRE: Io come pianta: do voce alla parola che definisce il mio messaggio<\/p>\n<p>CONDUCONO<br \/>\nCecilia Lattari<br \/>\nCecilia Lattari \u00e8 erborista e floriterapeuta BFRP. \u00c8 attrice diplomata alla Scuola di Teatro di Bologna Galante Garrone. Con i suoi laboratori mette in relazione l\u2019essere umano con la sua creativit\u00e0 attraverso il contatto con le piante. Il suo sito www.cecilialattari.com<br \/>\nSerenaGioia Zampini<br \/>\nArtista, ideatrice di Il senso del ritmo e il gesto teatrale &#8211; Labortango (percorso di consapevolezza psico-fisica), operatrice trainer di TangoOlistico\u00ae (tango terapia metodo Habib), operatrice socio educativa per persone affette da autismo e disturbo pervasivo dello sviluppo. Dal 2008 Serena conduce le sue attivit\u00e0 presso Il Laboratorio in via Palestro 1 a Pistoia. www.illaboratoriodiserenazampini.com<\/p>\n<p>SEDE<br \/>\nIl Laboratorio, via Palestro 1, Pistoia<br \/>\nTutti gli incontri si svolgono di luned\u00ec sera, dalle 21 alle 23. Si prega di arrivare con qualche minuto d\u2019anticipo.<\/p>\n<p>PREZZI<br \/>\n140 euro corso completo<br \/>\n40 euro lezione singola (se scegli di fare solo qualche lezione e non il ciclo intero)<\/p>\n<p>+ 10 euro di tessera associativa se non l\u2019hai gi\u00e0 fatta<\/p>\n<p>ISCRIZIONE<br \/>\nentro il 13 Ottobre 2017<\/p>\n<p>PER INFO E ISCRIZIONE<br \/>\nCecilia Lattari<br \/>\n338 8282955   \/   cecilia.lattari@gmail.com<br \/>\nSerenaGioia Zampini<br \/>\n347 8724097   \/   info@illaboratoriodiserenazampini.com<\/p>\n","protected":false},"excerpt":{"rendered":"<p>Luned\u00ec 23 e 30 Ottobre &#8211; 6 e 13 Novembre 2017 dalle 21 alle 23 DALLA RADICE AL FIORE Un laboratorio tra espressione artistica e botanica Il Laboratorio DALLA RADICE AL FIORE \u00e8 strutturato in 4 incontri ed \u00e8 pensato pensato per farti esplorare le tue abilit\u00e0 espressive e artistiche grazie al contatto con il [&hellip;]<\/p>\n","protected":false},"author":1,"featured_media":0,"comment_status":"closed","ping_status":"closed","sticky":false,"template":"","format":"standard","meta":{"footnotes":""},"categories":[15,14,13,1,5],"tags":[],"class_list":["post-1816","post","type-post","status-publish","format-standard","hentry","category-arte","category-col-laboratorio","category-eventi","category-laboratorio","category-serenartista"],"_links":{"self":[{"href":"https:\/\/www.illaboratoriodiserenazampini.com\/wordpress\/index.php?rest_route=\/wp\/v2\/posts\/1816","targetHints":{"allow":["GET"]}}],"collection":[{"href":"https:\/\/www.illaboratoriodiserenazampini.com\/wordpress\/index.php?rest_route=\/wp\/v2\/posts"}],"about":[{"href":"https:\/\/www.illaboratoriodiserenazampini.com\/wordpress\/index.php?rest_route=\/wp\/v2\/types\/post"}],"author":[{"embeddable":true,"href":"https:\/\/www.illaboratoriodiserenazampini.com\/wordpress\/index.php?rest_route=\/wp\/v2\/users\/1"}],"replies":[{"embeddable":true,"href":"https:\/\/www.illaboratoriodiserenazampini.com\/wordpress\/index.php?rest_route=%2Fwp%2Fv2%2Fcomments&post=1816"}],"version-history":[{"count":3,"href":"https:\/\/www.illaboratoriodiserenazampini.com\/wordpress\/index.php?rest_route=\/wp\/v2\/posts\/1816\/revisions"}],"predecessor-version":[{"id":1822,"href":"https:\/\/www.illaboratoriodiserenazampini.com\/wordpress\/index.php?rest_route=\/wp\/v2\/posts\/1816\/revisions\/1822"}],"wp:attachment":[{"href":"https:\/\/www.illaboratoriodiserenazampini.com\/wordpress\/index.php?rest_route=%2Fwp%2Fv2%2Fmedia&parent=1816"}],"wp:term":[{"taxonomy":"category","embeddable":true,"href":"https:\/\/www.illaboratoriodiserenazampini.com\/wordpress\/index.php?rest_route=%2Fwp%2Fv2%2Fcategories&post=1816"},{"taxonomy":"post_tag","embeddable":true,"href":"https:\/\/www.illaboratoriodiserenazampini.com\/wordpress\/index.php?rest_route=%2Fwp%2Fv2%2Ftags&post=1816"}],"curies":[{"name":"wp","href":"https:\/\/api.w.org\/{rel}","templated":true}]}}