{"id":1768,"date":"2017-09-24T09:05:15","date_gmt":"2017-09-24T16:05:15","guid":{"rendered":"http:\/\/www.illaboratoriodiserenazampini.com\/wordpress\/?p=1768"},"modified":"2017-09-24T09:22:07","modified_gmt":"2017-09-24T16:22:07","slug":"amo-lautunno-perche-mi-ritiro-un-po-nelle-mie-stanze","status":"publish","type":"post","link":"https:\/\/www.illaboratoriodiserenazampini.com\/wordpress\/?p=1768","title":{"rendered":"Amo l&#8217;autunno, perch\u00e9 mi ritiro un po&#8217; nelle mie stanze o posso uscire finalmente a gustarmi la pioggia in solitudine&#8230;"},"content":{"rendered":"<p>E invece di proporti 1000 attivit\u00e0, ne conduco un po&#8217; alla volta, alcune&#8230; Cos\u00ec vuole la Natura, cos\u00ec la mia natura selvaggia che sa sempre dove andare.<\/p>\n<p><img loading=\"lazy\" decoding=\"async\" class=\"alignnone size-full wp-image-1771\" src=\"http:\/\/www.illaboratoriodiserenazampini.com\/wordpress\/wp-content\/uploads\/2017\/09\/Unknown-e1506269014415.jpeg\" alt=\"Unknown\" width=\"251\" height=\"201\" \/><\/p>\n<p>Intanto in <strong>ottobre<\/strong> andr\u00f2 un po&#8217; in vacanza, molto lontano.<\/p>\n<ul>\n<li>Ma la sera di <strong>luned\u00ec 23<\/strong> Cecilia Lattari ed io riproponiamo a grande richiesta\u00a0<strong>DALLA RADICE AL FIORE<\/strong>:\u00a04 luned\u00ec consecutivi!<\/li>\n<li>(Da met\u00e0 ottobre al mio rientro dalle vacanze, <strong>ogni gioved\u00ec c&#8217;\u00e8 SEMPRE Sentire l&#8217;Arte<\/strong>: per adulti e per bambini!).<\/li>\n<li>Poi <strong>da met\u00e0 novembre<\/strong> fino a prima di Natale 4 date col <strong>TangoOlistico\u00ae<\/strong>, a tema e come sempre di <strong>mercoled\u00ec sera<\/strong>.<\/li>\n<\/ul>\n<p>A presto e buona visione di giallo e pioggia.<\/p>\n<p><img loading=\"lazy\" decoding=\"async\" class=\"size-full wp-image-1770\" src=\"http:\/\/www.illaboratoriodiserenazampini.com\/wordpress\/wp-content\/uploads\/2017\/09\/autunno5-e1506268981244.jpg\" alt=\"http:\/\/www.dreamstime.com\/royalty-free-stock-image-autumn-rain-puddle-image27242516\" width=\"560\" height=\"446\" \/><\/p>\n<p>&nbsp;<\/p>\n<p>&nbsp;<\/p>\n<p>&nbsp;<\/p>\n<p>&nbsp;<\/p>\n","protected":false},"excerpt":{"rendered":"<p>E invece di proporti 1000 attivit\u00e0, ne conduco un po&#8217; alla volta, alcune&#8230; Cos\u00ec vuole la Natura, cos\u00ec la mia natura selvaggia che sa sempre dove andare. Intanto in ottobre andr\u00f2 un po&#8217; in vacanza, molto lontano. Ma la sera di luned\u00ec 23 Cecilia Lattari ed io riproponiamo a grande richiesta\u00a0DALLA RADICE AL FIORE:\u00a04 luned\u00ec [&hellip;]<\/p>\n","protected":false},"author":1,"featured_media":0,"comment_status":"closed","ping_status":"closed","sticky":false,"template":"","format":"standard","meta":{"footnotes":""},"categories":[15,17,14,13,1,5,12],"tags":[],"class_list":["post-1768","post","type-post","status-publish","format-standard","hentry","category-arte","category-bambini","category-col-laboratorio","category-eventi","category-laboratorio","category-serenartista","category-tangoolistico"],"_links":{"self":[{"href":"https:\/\/www.illaboratoriodiserenazampini.com\/wordpress\/index.php?rest_route=\/wp\/v2\/posts\/1768","targetHints":{"allow":["GET"]}}],"collection":[{"href":"https:\/\/www.illaboratoriodiserenazampini.com\/wordpress\/index.php?rest_route=\/wp\/v2\/posts"}],"about":[{"href":"https:\/\/www.illaboratoriodiserenazampini.com\/wordpress\/index.php?rest_route=\/wp\/v2\/types\/post"}],"author":[{"embeddable":true,"href":"https:\/\/www.illaboratoriodiserenazampini.com\/wordpress\/index.php?rest_route=\/wp\/v2\/users\/1"}],"replies":[{"embeddable":true,"href":"https:\/\/www.illaboratoriodiserenazampini.com\/wordpress\/index.php?rest_route=%2Fwp%2Fv2%2Fcomments&post=1768"}],"version-history":[{"count":9,"href":"https:\/\/www.illaboratoriodiserenazampini.com\/wordpress\/index.php?rest_route=\/wp\/v2\/posts\/1768\/revisions"}],"predecessor-version":[{"id":1779,"href":"https:\/\/www.illaboratoriodiserenazampini.com\/wordpress\/index.php?rest_route=\/wp\/v2\/posts\/1768\/revisions\/1779"}],"wp:attachment":[{"href":"https:\/\/www.illaboratoriodiserenazampini.com\/wordpress\/index.php?rest_route=%2Fwp%2Fv2%2Fmedia&parent=1768"}],"wp:term":[{"taxonomy":"category","embeddable":true,"href":"https:\/\/www.illaboratoriodiserenazampini.com\/wordpress\/index.php?rest_route=%2Fwp%2Fv2%2Fcategories&post=1768"},{"taxonomy":"post_tag","embeddable":true,"href":"https:\/\/www.illaboratoriodiserenazampini.com\/wordpress\/index.php?rest_route=%2Fwp%2Fv2%2Ftags&post=1768"}],"curies":[{"name":"wp","href":"https:\/\/api.w.org\/{rel}","templated":true}]}}