{"id":1728,"date":"2017-08-19T10:03:49","date_gmt":"2017-08-19T17:03:49","guid":{"rendered":"http:\/\/www.illaboratoriodiserenazampini.com\/wordpress\/?p=1728"},"modified":"2017-08-19T10:11:05","modified_gmt":"2017-08-19T17:11:05","slug":"ancora-artestate-ancora-iscritti-per-la-settimana-21-25-agosto-che-faremo-lo-sapranno-i-bimbi-da-lunedi-mattina-non-prima","status":"publish","type":"post","link":"https:\/\/www.illaboratoriodiserenazampini.com\/wordpress\/?p=1728","title":{"rendered":"Ancora ARTESTATE, ancora iscritti per la settimana 21-25 agosto! Che faremo lo sapranno i bimbi, da luned\u00ec mattina. Non prima!"},"content":{"rendered":"<p><img loading=\"lazy\" decoding=\"async\" class=\"alignnone size-full wp-image-1622\" src=\"http:\/\/www.illaboratoriodiserenazampini.com\/wordpress\/wp-content\/uploads\/2017\/05\/ARTESTATE2017-560px.jpg\" alt=\"ARTESTATE2017-560px\" width=\"560\" height=\"784\" srcset=\"https:\/\/www.illaboratoriodiserenazampini.com\/wordpress\/wp-content\/uploads\/2017\/05\/ARTESTATE2017-560px.jpg 560w, https:\/\/www.illaboratoriodiserenazampini.com\/wordpress\/wp-content\/uploads\/2017\/05\/ARTESTATE2017-560px-214x300.jpg 214w\" sizes=\"auto, (max-width: 560px) 100vw, 560px\" \/><\/p>\n<p><b>COS\u2019\u00e8 SENTIRE L\u2019ARTE?<\/b>Questo mio progetto ha come obiettivo centrale quello di dare forma alla sensibilit\u00e0 artistica di ogni bambino attraverso l\u2019esplorazione del \u201clinguaggio\u201d manuale, accompagnato dal movimento corporeo e l\u2019ascolto musicale; con totale assenza di competizione o giudizio, voglio valorizzare l\u2019interazione con s\u00e9 e gli altri, tramite un approccio non accademico ma emozionale, lasciando ai bambini la pi\u00f9 totale libert\u00e0 immaginativa, espressiva e rappresentativa. Va bene sempre quello che verr\u00e0 rappresentato. Non c\u2019\u00e8 un modo giusto o sbagliato.<\/p>\n<p>La musica nei laboratori di SENTIRE L\u2019ARTE \u00e8 spesso presente: jazz, classica, rock. Potranno dipingere anche il movimento o il suono che arriva loro.<\/p>\n<p>Guider\u00f2 i bambini alla respirazione consapevole con la finalit\u00e0 di aumentare l\u2019attenzione e la concentrazione, ma anche per scaricare aggressivit\u00e0 o iperattivit\u00e0. Momenti rituali, che diano continuit\u00e0 e fiducia.<\/p>\n<p><b>Per questo motivo i gruppi avranno un numero massimo di sei bambini.<\/b><\/p>\n<p>Costruiremo vulcani, il mare, alberi e animali ripieni, alti come voi bambini! E dipingeremo le 4 stagioni, andremo, restando al LAB, all\u2019estero!<\/p>\n<p>Leggeremo racconti, creeremo storie insieme, danzeremo, staremo in attesa, osserveremo, e \u2026 usciremo per escursioni in citt\u00e0, a scovare percorsi avventurosi!<\/p>\n<p><b>IL PERCORSO \u00e8 inteso a SETTIMANA<\/b><\/p>\n<p><b>DAL LUNED\u00cc AL VENERD\u00cc\u00a0<\/b><\/p>\n<p><b>DALLE 9:00 ALLE 13:00 (o dalle 8:30 alle 12:30)<\/b><\/p>\n<p>LA SETTIMANA COSTA 90 EURO<\/p>\n<p>(UNA MATTINATA SOLTANTO COSTA 35 EURO; A ORA,\u00a010 EURO)<\/p>\n<p>(Dopo l\u2019estate il percorso di Sentire l\u2019Arte, continua\u2026 tutti i gioved\u00ec pomeriggio.. con ARTEDI\u2019 IL GIOVEDI\u2019)<\/p>\n<p>&nbsp;<\/p>\n<p>\u00c8 necessario tesserarsi al Laboratorio per partecipare a qualsiasi attivit\u00e0.<\/p>\n<p><img loading=\"lazy\" decoding=\"async\" class=\"alignnone size-full wp-image-1703\" src=\"http:\/\/www.illaboratoriodiserenazampini.com\/wordpress\/wp-content\/uploads\/2017\/08\/IMG_20170719_121131-e1502058523566.jpg\" alt=\"IMG_20170719_121131\" width=\"560\" height=\"747\" \/><\/p>\n<p><img loading=\"lazy\" decoding=\"async\" class=\"alignnone size-full wp-image-1597\" src=\"http:\/\/www.illaboratoriodiserenazampini.com\/wordpress\/wp-content\/uploads\/2017\/05\/P1000147-e1494400674267.jpg\" alt=\"P1000147\" width=\"420\" height=\"560\" srcset=\"https:\/\/www.illaboratoriodiserenazampini.com\/wordpress\/wp-content\/uploads\/2017\/05\/P1000147-e1494400674267.jpg 420w, https:\/\/www.illaboratoriodiserenazampini.com\/wordpress\/wp-content\/uploads\/2017\/05\/P1000147-e1494400674267-225x300.jpg 225w\" sizes=\"auto, (max-width: 420px) 100vw, 420px\" \/><\/p>\n<p>&nbsp;<\/p>\n","protected":false},"excerpt":{"rendered":"<p>COS\u2019\u00e8 SENTIRE L\u2019ARTE?Questo mio progetto ha come obiettivo centrale quello di dare forma alla sensibilit\u00e0 artistica di ogni bambino attraverso l\u2019esplorazione del \u201clinguaggio\u201d manuale, accompagnato dal movimento corporeo e l\u2019ascolto musicale; con totale assenza di competizione o giudizio, voglio valorizzare l\u2019interazione con s\u00e9 e gli altri, tramite un approccio non accademico ma emozionale, lasciando ai [&hellip;]<\/p>\n","protected":false},"author":1,"featured_media":0,"comment_status":"closed","ping_status":"closed","sticky":false,"template":"","format":"standard","meta":{"footnotes":""},"categories":[15,7,17,13,8,5],"tags":[],"class_list":["post-1728","post","type-post","status-publish","format-standard","hentry","category-arte","category-artestate","category-bambini","category-eventi","category-musica","category-serenartista"],"_links":{"self":[{"href":"https:\/\/www.illaboratoriodiserenazampini.com\/wordpress\/index.php?rest_route=\/wp\/v2\/posts\/1728","targetHints":{"allow":["GET"]}}],"collection":[{"href":"https:\/\/www.illaboratoriodiserenazampini.com\/wordpress\/index.php?rest_route=\/wp\/v2\/posts"}],"about":[{"href":"https:\/\/www.illaboratoriodiserenazampini.com\/wordpress\/index.php?rest_route=\/wp\/v2\/types\/post"}],"author":[{"embeddable":true,"href":"https:\/\/www.illaboratoriodiserenazampini.com\/wordpress\/index.php?rest_route=\/wp\/v2\/users\/1"}],"replies":[{"embeddable":true,"href":"https:\/\/www.illaboratoriodiserenazampini.com\/wordpress\/index.php?rest_route=%2Fwp%2Fv2%2Fcomments&post=1728"}],"version-history":[{"count":3,"href":"https:\/\/www.illaboratoriodiserenazampini.com\/wordpress\/index.php?rest_route=\/wp\/v2\/posts\/1728\/revisions"}],"predecessor-version":[{"id":1732,"href":"https:\/\/www.illaboratoriodiserenazampini.com\/wordpress\/index.php?rest_route=\/wp\/v2\/posts\/1728\/revisions\/1732"}],"wp:attachment":[{"href":"https:\/\/www.illaboratoriodiserenazampini.com\/wordpress\/index.php?rest_route=%2Fwp%2Fv2%2Fmedia&parent=1728"}],"wp:term":[{"taxonomy":"category","embeddable":true,"href":"https:\/\/www.illaboratoriodiserenazampini.com\/wordpress\/index.php?rest_route=%2Fwp%2Fv2%2Fcategories&post=1728"},{"taxonomy":"post_tag","embeddable":true,"href":"https:\/\/www.illaboratoriodiserenazampini.com\/wordpress\/index.php?rest_route=%2Fwp%2Fv2%2Ftags&post=1728"}],"curies":[{"name":"wp","href":"https:\/\/api.w.org\/{rel}","templated":true}]}}