{"id":1616,"date":"2017-05-14T15:01:03","date_gmt":"2017-05-14T22:01:03","guid":{"rendered":"http:\/\/www.illaboratoriodiserenazampini.com\/wordpress\/?p=1616"},"modified":"2017-06-18T02:50:22","modified_gmt":"2017-06-18T09:50:22","slug":"bambini-artestate-sta-per-aver-inizio","status":"publish","type":"post","link":"https:\/\/www.illaboratoriodiserenazampini.com\/wordpress\/?p=1616","title":{"rendered":"Bambini! ARTESTATE sta per aver inizio!"},"content":{"rendered":"<p><img loading=\"lazy\" decoding=\"async\" class=\"alignnone size-full wp-image-1622\" src=\"http:\/\/www.illaboratoriodiserenazampini.com\/wordpress\/wp-content\/uploads\/2017\/05\/ARTESTATE2017-560px.jpg\" alt=\"ARTESTATE2017-560px\" width=\"560\" height=\"784\" srcset=\"https:\/\/www.illaboratoriodiserenazampini.com\/wordpress\/wp-content\/uploads\/2017\/05\/ARTESTATE2017-560px.jpg 560w, https:\/\/www.illaboratoriodiserenazampini.com\/wordpress\/wp-content\/uploads\/2017\/05\/ARTESTATE2017-560px-214x300.jpg 214w\" sizes=\"auto, (max-width: 560px) 100vw, 560px\" \/><\/p>\n<p><b>ARTESTATE! 2017 <\/b>come\u00a0CENTRO ESTIVO AL LABORATORIO<\/p>\n<p>&nbsp;<\/p>\n<p><b>COS\u2019\u00e8 SENTIRE L\u2019ARTE?<\/b>Questo mio progetto ha come obiettivo centrale quello di dare forma alla sensibilit\u00e0 artistica di ogni bambino attraverso l\u2019esplorazione del \u201clinguaggio\u201d manuale, accompagnato dal movimento corporeo e l\u2019ascolto musicale; con totale assenza di competizione o giudizio, voglio valorizzare l\u2019interazione con s\u00e9 e gli altri, tramite un approccio non accademico ma emozionale, lasciando ai bambini la pi\u00f9 totale libert\u00e0 immaginativa, espressiva e rappresentativa. Va bene sempre quello che verr\u00e0 rappresentato. Non c\u2019\u00e8 un modo giusto o sbagliato.<\/p>\n<p>La musica nei laboratori di SENTIRE L\u2019ARTE \u00e8 spesso presente: jazz, classica, rock. Potranno dipingere anche il movimento o il suono che arriva loro.<\/p>\n<p>Guider\u00f2 i bambini alla respirazione consapevole con la finalit\u00e0 di aumentare l\u2019attenzione e la concentrazione, ma anche per scaricare aggressivit\u00e0 o iperattivit\u00e0. Momenti rituali, che diano continuit\u00e0 e fiducia.<\/p>\n<p><b>Per questo motivo i gruppi avranno un numero massimo di sei bambini.<\/b><\/p>\n<p>Costruiremo vulcani, il mare, alberi e animali ripieni, alti come voi bambini! E dipingeremo le 4 stagioni, andremo, restando al LAB, all\u2019estero!\u00a0Leggeremo racconti, creeremo storie insieme, danzeremo, staremo in attesa, osserveremo, e \u2026 usciremo per escursioni in citt\u00e0, a scovare percorsi avventurosi!<\/p>\n<p><b>IL PERCORSO \u00e8 inteso a SETTIMANA al costo di \u00a090 euro a persona\u00a0<\/b>(+ tesseramento 10 euro)<\/p>\n<p><b>dal Luned\u00ec al\u00a0Venerd\u00ec, dalle 9:00 alle 13:00<\/b><\/p>\n<p><b>TUTTA L\u2019ESTATE DAL 19 GIUGNO ALL\u20198 SETTEMBRE <\/b>con una settimana di pausa: quella di Ferragosto<\/p>\n<ul>\n<li>ENTRANDO CI SI TOLGONO LE SCARPE: OCCORRONO DEI CALZINI IN PIU&#8217;!<\/li>\n<li>VESTIRSI COMODI, ADATTI A SPORCARSI<\/li>\n<li>PORTARSI LA MERENDA CON BICCHIERE O TAZZA PREFERITA!<\/li>\n<li>L&#8217;ACQUA DA BERE E&#8217; QUELLA PUBBLICA, DEL RUBINETTO<\/li>\n<\/ul>\n<p><b>CONDUCE:\u00a0<\/b><b>Serena Zampini<\/b><\/p>\n<p><b>SONO APERTE LE ISCRIZIONI E PRENOTAZIONI!\u00a0<\/b><\/p>\n<p><b>347 8724097 \u00a0 \u00a0\u00a0info@illaboratoriodiserenazampini.com\u00a0<\/b><\/p>\n<p>&nbsp;<\/p>\n","protected":false},"excerpt":{"rendered":"<p>ARTESTATE! 2017 come\u00a0CENTRO ESTIVO AL LABORATORIO &nbsp; COS\u2019\u00e8 SENTIRE L\u2019ARTE?Questo mio progetto ha come obiettivo centrale quello di dare forma alla sensibilit\u00e0 artistica di ogni bambino attraverso l\u2019esplorazione del \u201clinguaggio\u201d manuale, accompagnato dal movimento corporeo e l\u2019ascolto musicale; con totale assenza di competizione o giudizio, voglio valorizzare l\u2019interazione con s\u00e9 e gli altri, tramite un [&hellip;]<\/p>\n","protected":false},"author":1,"featured_media":0,"comment_status":"closed","ping_status":"closed","sticky":false,"template":"","format":"standard","meta":{"footnotes":""},"categories":[15,7,17,13,1,6,8,5],"tags":[],"class_list":["post-1616","post","type-post","status-publish","format-standard","hentry","category-arte","category-artestate","category-bambini","category-eventi","category-laboratorio","category-lingue","category-musica","category-serenartista"],"_links":{"self":[{"href":"https:\/\/www.illaboratoriodiserenazampini.com\/wordpress\/index.php?rest_route=\/wp\/v2\/posts\/1616","targetHints":{"allow":["GET"]}}],"collection":[{"href":"https:\/\/www.illaboratoriodiserenazampini.com\/wordpress\/index.php?rest_route=\/wp\/v2\/posts"}],"about":[{"href":"https:\/\/www.illaboratoriodiserenazampini.com\/wordpress\/index.php?rest_route=\/wp\/v2\/types\/post"}],"author":[{"embeddable":true,"href":"https:\/\/www.illaboratoriodiserenazampini.com\/wordpress\/index.php?rest_route=\/wp\/v2\/users\/1"}],"replies":[{"embeddable":true,"href":"https:\/\/www.illaboratoriodiserenazampini.com\/wordpress\/index.php?rest_route=%2Fwp%2Fv2%2Fcomments&post=1616"}],"version-history":[{"count":6,"href":"https:\/\/www.illaboratoriodiserenazampini.com\/wordpress\/index.php?rest_route=\/wp\/v2\/posts\/1616\/revisions"}],"predecessor-version":[{"id":1658,"href":"https:\/\/www.illaboratoriodiserenazampini.com\/wordpress\/index.php?rest_route=\/wp\/v2\/posts\/1616\/revisions\/1658"}],"wp:attachment":[{"href":"https:\/\/www.illaboratoriodiserenazampini.com\/wordpress\/index.php?rest_route=%2Fwp%2Fv2%2Fmedia&parent=1616"}],"wp:term":[{"taxonomy":"category","embeddable":true,"href":"https:\/\/www.illaboratoriodiserenazampini.com\/wordpress\/index.php?rest_route=%2Fwp%2Fv2%2Fcategories&post=1616"},{"taxonomy":"post_tag","embeddable":true,"href":"https:\/\/www.illaboratoriodiserenazampini.com\/wordpress\/index.php?rest_route=%2Fwp%2Fv2%2Ftags&post=1616"}],"curies":[{"name":"wp","href":"https:\/\/api.w.org\/{rel}","templated":true}]}}