{"id":1592,"date":"2017-05-08T07:07:43","date_gmt":"2017-05-08T14:07:43","guid":{"rendered":"http:\/\/www.illaboratoriodiserenazampini.com\/wordpress\/?p=1592"},"modified":"2017-05-10T00:25:33","modified_gmt":"2017-05-10T07:25:33","slug":"artestate-laboratori-estivi-per-bambini-dai-5-anni-in-su","status":"publish","type":"post","link":"https:\/\/www.illaboratoriodiserenazampini.com\/wordpress\/?p=1592","title":{"rendered":"ARTESTATE &#8211; LABORATORI ESTIVI per bambini dai 5 anni in su"},"content":{"rendered":"<p><img loading=\"lazy\" decoding=\"async\" class=\"alignnone size-full wp-image-1597\" src=\"http:\/\/www.illaboratoriodiserenazampini.com\/wordpress\/wp-content\/uploads\/2017\/05\/P1000147-e1494400674267.jpg\" alt=\"P1000147\" width=\"420\" height=\"560\" srcset=\"https:\/\/www.illaboratoriodiserenazampini.com\/wordpress\/wp-content\/uploads\/2017\/05\/P1000147-e1494400674267.jpg 420w, https:\/\/www.illaboratoriodiserenazampini.com\/wordpress\/wp-content\/uploads\/2017\/05\/P1000147-e1494400674267-225x300.jpg 225w\" sizes=\"auto, (max-width: 420px) 100vw, 420px\" \/><\/p>\n<p>ARTESTATE (dal 2008) \u00e8 Sentire l&#8217;Arte al Laboratorio\u2026GIUGNO-LUGLIO-AGOSTO-SETTEMBRE<\/p>\n<p>Per BAMBINI e ADOLESCENTI a partire dai 5 anni\u2026<\/p>\n<p>COS&#8217;E&#8217; Sentire l&#8217;Arte?<\/p>\n<p>Questo mio progetto ha come obiettivo centrale quello di dare forma alla sensibilit\u00e0 artistica di ogni bambino attraverso l\u2019esplorazione del \u201clinguaggio\u201d manuale, accompagnato dal movimento corporeo e l\u2019ascolto musicale; con totale assenza di competizione o giudizio, voglio valorizzare l\u2019interazione con gli altri, tramite un approccio non accademico ma emozionale, lasciando ai bambini la pi\u00f9 totale libert\u00e0 immaginativa, espressiva e rappresentativa. Va bene sempre quello che verr\u00e0 rappresentato. Non c\u2019\u00e8 un modo giusto o sbagliato.<\/p>\n<p>La musica nei laboratori di SENTIRE L\u2019ARTE \u00e8 spesso presente: jazz, classica, rock. Potranno dipingere anche il movimento o il suono che arriva loro.<\/p>\n<p>Guider\u00f2 i bambini alla respirazione consapevole con la finalit\u00e0 di aumentare l\u2019attenzione e la concentrazione, ma anche per scaricare aggressivit\u00e0 o iperattivit\u00e0. Momenti rituali, che diano continuit\u00e0 e fiducia.<\/p>\n<p>MA IN ESTATE, AL LAB, FAREMO ANCHE ALTRO?<\/p>\n<p>Siiii!<\/p>\n<p>Costruiremo vulcani, alberi e animali ripieni, alti come voi bambini! e ancora il sistema solare. E dipingeremo le 4 stagioni, andremo, restando al LAB, all&#8217;estero! leggeremo racconti, creeremo storie insieme, danzeremo, staremo in attesa, osserveremo, e \u2026usciremo per escursioni in citt\u00e0, a scovare percorsi avventurosi!<\/p>\n<p>I bambini possono prenotarsi per una o pi\u00f9 settimane, per tutta l&#8217;estate la mattina sar\u00f2 al Laboratorio!<\/p>\n<p>GIUGNO-LUGLIO-AGOSTO-SETTEMBRE<\/p>\n<p>Dal LUNEDI&#8217; al VENERDI&#8217;<\/p>\n<p>Dalle 9:00 alle 13:00<\/p>\n<p>Costi: 90 euro a settimana + 10 euro di tesseramento<\/p>\n<p>Min numero iscritti: 2;\u00a0Max numero iscritti: 6<\/p>\n<p>PS:<\/p>\n<p>&#8211; in estate non ci sono sconti fratelli\/sorelle;<\/p>\n<p>&#8211; il prezzo resta invariato anche se il partecipante resta assente uno o pi\u00f9 giorni della settimana;<\/p>\n<p>-chiedo di portarsi la merenda;<\/p>\n<p>-l&#8217;acqua da bere \u00e8 quella che anch&#8217;io uso, del rubinetto;<\/p>\n<p>Se ai vostri figli fa piacere, potete dar loro la tazza o il bicchiere preferito, per tutta la settimana.<\/p>\n<p>-I materiali sono tutti gi\u00e0 qui! e le opere che verrano create sono di propriet\u00e0 di ogni giovane artista! E si recuperano tutte l&#8217;ultimo giorno della settimana, il venerd\u00ec, non prima, non dopo (a meno che non resti qualcosa da asciugare!).<\/p>\n<p>-Ecco le settimane &#8211; dal luned\u00ec al venerd\u00ec- \u00a0Due saranno di pausa: quella di San Jacopo e quella di Ferragosto.<\/p>\n<p>GIUGNO<\/p>\n<p>19- 23<\/p>\n<p>26-30<\/p>\n<p>LUGLIO<\/p>\n<p>3-7<\/p>\n<p>10-14<\/p>\n<p>17-21<\/p>\n<p>AGOSTO<\/p>\n<p>31luglio -4<\/p>\n<p>7-11<\/p>\n<p>21-25<\/p>\n<p>28-1 settembre<\/p>\n<p>SETTEMBRE<\/p>\n<p>4-8<\/p>\n<p>&nbsp;<\/p>\n<p>&nbsp;<\/p>\n<p><b>SerenaGioia Zampini<\/b><\/p>\n<p>IL LABORATORIO (Sentire l&#8217;Arte, lingue straniere, Labortango, TangoOlistico\u00ae)<\/p>\n<p>via Palestro 1 &#8211; 51100 Pistoia<\/p>\n<p>Cellulare: 347.87.24.097<\/p>\n<p>Mail: info@illaboratoriodiserenazampini.com<\/p>\n<p>Se vuoi ricevere la mia newsletter mensile clicca qui: <a href=\"http:\/\/eepurl.com\/ceki1n\">http:\/\/eepurl.com\/ceki1n<\/a><\/p>\n","protected":false},"excerpt":{"rendered":"<p>ARTESTATE (dal 2008) \u00e8 Sentire l&#8217;Arte al Laboratorio\u2026GIUGNO-LUGLIO-AGOSTO-SETTEMBRE Per BAMBINI e ADOLESCENTI a partire dai 5 anni\u2026 COS&#8217;E&#8217; Sentire l&#8217;Arte? Questo mio progetto ha come obiettivo centrale quello di dare forma alla sensibilit\u00e0 artistica di ogni bambino attraverso l\u2019esplorazione del \u201clinguaggio\u201d manuale, accompagnato dal movimento corporeo e l\u2019ascolto musicale; con totale assenza di competizione o [&hellip;]<\/p>\n","protected":false},"author":1,"featured_media":0,"comment_status":"closed","ping_status":"closed","sticky":false,"template":"","format":"standard","meta":{"footnotes":""},"categories":[15,7,17,13,1,6,8,5],"tags":[],"class_list":["post-1592","post","type-post","status-publish","format-standard","hentry","category-arte","category-artestate","category-bambini","category-eventi","category-laboratorio","category-lingue","category-musica","category-serenartista"],"_links":{"self":[{"href":"https:\/\/www.illaboratoriodiserenazampini.com\/wordpress\/index.php?rest_route=\/wp\/v2\/posts\/1592","targetHints":{"allow":["GET"]}}],"collection":[{"href":"https:\/\/www.illaboratoriodiserenazampini.com\/wordpress\/index.php?rest_route=\/wp\/v2\/posts"}],"about":[{"href":"https:\/\/www.illaboratoriodiserenazampini.com\/wordpress\/index.php?rest_route=\/wp\/v2\/types\/post"}],"author":[{"embeddable":true,"href":"https:\/\/www.illaboratoriodiserenazampini.com\/wordpress\/index.php?rest_route=\/wp\/v2\/users\/1"}],"replies":[{"embeddable":true,"href":"https:\/\/www.illaboratoriodiserenazampini.com\/wordpress\/index.php?rest_route=%2Fwp%2Fv2%2Fcomments&post=1592"}],"version-history":[{"count":5,"href":"https:\/\/www.illaboratoriodiserenazampini.com\/wordpress\/index.php?rest_route=\/wp\/v2\/posts\/1592\/revisions"}],"predecessor-version":[{"id":1599,"href":"https:\/\/www.illaboratoriodiserenazampini.com\/wordpress\/index.php?rest_route=\/wp\/v2\/posts\/1592\/revisions\/1599"}],"wp:attachment":[{"href":"https:\/\/www.illaboratoriodiserenazampini.com\/wordpress\/index.php?rest_route=%2Fwp%2Fv2%2Fmedia&parent=1592"}],"wp:term":[{"taxonomy":"category","embeddable":true,"href":"https:\/\/www.illaboratoriodiserenazampini.com\/wordpress\/index.php?rest_route=%2Fwp%2Fv2%2Fcategories&post=1592"},{"taxonomy":"post_tag","embeddable":true,"href":"https:\/\/www.illaboratoriodiserenazampini.com\/wordpress\/index.php?rest_route=%2Fwp%2Fv2%2Ftags&post=1592"}],"curies":[{"name":"wp","href":"https:\/\/api.w.org\/{rel}","templated":true}]}}