{"id":1587,"date":"2017-05-08T06:56:24","date_gmt":"2017-05-08T13:56:24","guid":{"rendered":"http:\/\/www.illaboratoriodiserenazampini.com\/wordpress\/?p=1587"},"modified":"2017-05-08T07:01:34","modified_gmt":"2017-05-08T14:01:34","slug":"dalla-radice-al-fiore-20-maggio-dalle-1000-alle-1800-per-te","status":"publish","type":"post","link":"https:\/\/www.illaboratoriodiserenazampini.com\/wordpress\/?p=1587","title":{"rendered":"DALLA RADICE AL FIORE &#8211; 20 MAGGIO dalle 10:00 alle 18:00- per te!"},"content":{"rendered":"<p><img loading=\"lazy\" decoding=\"async\" class=\"alignnone size-full wp-image-1588\" src=\"http:\/\/www.illaboratoriodiserenazampini.com\/wordpress\/wp-content\/uploads\/2017\/05\/02-RADICE-FIORE.jpg\" alt=\"02-RADICE-FIORE\" width=\"560\" height=\"784\" srcset=\"https:\/\/www.illaboratoriodiserenazampini.com\/wordpress\/wp-content\/uploads\/2017\/05\/02-RADICE-FIORE.jpg 560w, https:\/\/www.illaboratoriodiserenazampini.com\/wordpress\/wp-content\/uploads\/2017\/05\/02-RADICE-FIORE-214x300.jpg 214w\" sizes=\"auto, (max-width: 560px) 100vw, 560px\" \/><\/p>\n<p><b>Sabato 20 maggio 2017<\/b> dalle 10 alle 18<\/p>\n<p><b>DALLA RADICE AL FIORE<\/b><\/p>\n<p><b>Un laboratorio tra espressione artistica e botanica<\/b><\/p>\n<p>Il Laboratorio DALLA RADICE AL FIORE \u00e8 pensato per farti esplorare le tue abilit\u00e0 espressive e artistiche grazie al contatto con il colore, con il movimento, con la voce attraverso la scoperta del mondo vegetale.<\/p>\n<p>Le piante non sono cos\u00ec diverse da te. Sono come il tuo corpo che STA, con radici nella terra e fiori che tendono verso l\u2019alto.<\/p>\n<p>Estrazione del colore da piante spontanee<\/p>\n<p>Sentire l\u2019arte: disegno e colore per trovare la tua essenza<\/p>\n<p>Scopri il tuo alleato vegetale<\/p>\n<p>Io come pianta: sperimento il movimento del mio corpo e trovo il mio gesto<\/p>\n<p>Io come pianta: do voce alla parola che definisce il mio messaggio<\/p>\n<p><b>CONDUCONO<\/b><\/p>\n<p><b>Cecilia Lattari<\/b><\/p>\n<p>Cecilia Lattari \u00e8 erborista e floriterapeuta BFRP. \u00c8 attrice diplomata alla Scuola di Teatro di Bologna Galante Garrone. Con i suoi laboratori mette in relazione l\u2019essere umano con la sua creativit\u00e0 attraverso il contatto con le piante. Il suo sito www.cecilialattari.com<\/p>\n<p><b>SerenaGioia Zampini<\/b><\/p>\n<p>Artista, ideatrice di Il senso del ritmo e il gesto teatrale &#8211; Labortango (percorso di consapevolezza psico-fisica), operatrice trainer di TangoOlistico\u00ae (tango terapia metodo Habib), operatrice socio educativa per persone affette da autismo. Dal 2008 Serena conduce le sue attivit\u00e0 presso Il Laboratorio in via Palestro 1 a Pistoia. Serena da gli strumenti, tramite le sue attivit\u00e0, per \u00a0raggiungere benessere personale e \u00a0migliorare la relazione fra s\u00e9 e s\u00e9, e s\u00e9 e gli altri.<\/p>\n<p><b>SEDE<\/b><\/p>\n<p>Il Laboratorio, via Palestro 1, Pistoia<\/p>\n<p><b>PREZZI<\/b><\/p>\n<p>90 \u20ac compreso tesseramento<\/p>\n<p><b>ISCRIZIONE<\/b><\/p>\n<p>entro il 16 maggio con acconto di 40 \u20ac<\/p>\n<p><b>PER INFO<\/b><\/p>\n<p><b>Cecilia Lattari<\/b><\/p>\n<p>338 8282955 \u00a0 \/ \u00a0 cecilia.lattari@gmail.com<\/p>\n<p><b>SerenaGioia Zampini<\/b><\/p>\n<p>347 8724097 \u00a0 \/ \u00a0 info@illaboratoriodiserenazampini.com<\/p>\n<p><b>PER ISCRIZIONE<\/b><\/p>\n<p><b>SerenaGioia Zampini<\/b><\/p>\n<p>347 8724097 \u00a0 \/ \u00a0 info@illaboratoriodiserenazampini.com<\/p>\n","protected":false},"excerpt":{"rendered":"<p>Sabato 20 maggio 2017 dalle 10 alle 18 DALLA RADICE AL FIORE Un laboratorio tra espressione artistica e botanica Il Laboratorio DALLA RADICE AL FIORE \u00e8 pensato per farti esplorare le tue abilit\u00e0 espressive e artistiche grazie al contatto con il colore, con il movimento, con la voce attraverso la scoperta del mondo vegetale. Le [&hellip;]<\/p>\n","protected":false},"author":1,"featured_media":0,"comment_status":"closed","ping_status":"closed","sticky":false,"template":"","format":"standard","meta":{"footnotes":""},"categories":[15,14,13,1,4,8,5,12],"tags":[],"class_list":["post-1587","post","type-post","status-publish","format-standard","hentry","category-arte","category-col-laboratorio","category-eventi","category-laboratorio","category-labortango","category-musica","category-serenartista","category-tangoolistico"],"_links":{"self":[{"href":"https:\/\/www.illaboratoriodiserenazampini.com\/wordpress\/index.php?rest_route=\/wp\/v2\/posts\/1587","targetHints":{"allow":["GET"]}}],"collection":[{"href":"https:\/\/www.illaboratoriodiserenazampini.com\/wordpress\/index.php?rest_route=\/wp\/v2\/posts"}],"about":[{"href":"https:\/\/www.illaboratoriodiserenazampini.com\/wordpress\/index.php?rest_route=\/wp\/v2\/types\/post"}],"author":[{"embeddable":true,"href":"https:\/\/www.illaboratoriodiserenazampini.com\/wordpress\/index.php?rest_route=\/wp\/v2\/users\/1"}],"replies":[{"embeddable":true,"href":"https:\/\/www.illaboratoriodiserenazampini.com\/wordpress\/index.php?rest_route=%2Fwp%2Fv2%2Fcomments&post=1587"}],"version-history":[{"count":3,"href":"https:\/\/www.illaboratoriodiserenazampini.com\/wordpress\/index.php?rest_route=\/wp\/v2\/posts\/1587\/revisions"}],"predecessor-version":[{"id":1591,"href":"https:\/\/www.illaboratoriodiserenazampini.com\/wordpress\/index.php?rest_route=\/wp\/v2\/posts\/1587\/revisions\/1591"}],"wp:attachment":[{"href":"https:\/\/www.illaboratoriodiserenazampini.com\/wordpress\/index.php?rest_route=%2Fwp%2Fv2%2Fmedia&parent=1587"}],"wp:term":[{"taxonomy":"category","embeddable":true,"href":"https:\/\/www.illaboratoriodiserenazampini.com\/wordpress\/index.php?rest_route=%2Fwp%2Fv2%2Fcategories&post=1587"},{"taxonomy":"post_tag","embeddable":true,"href":"https:\/\/www.illaboratoriodiserenazampini.com\/wordpress\/index.php?rest_route=%2Fwp%2Fv2%2Ftags&post=1587"}],"curies":[{"name":"wp","href":"https:\/\/api.w.org\/{rel}","templated":true}]}}