{"id":1243,"date":"2016-11-21T16:48:36","date_gmt":"2016-11-21T23:48:36","guid":{"rendered":"http:\/\/www.illaboratoriodiserenazampini.com\/wordpress\/?p=1243"},"modified":"2016-12-05T14:28:07","modified_gmt":"2016-12-05T21:28:07","slug":"matine-al-laboratorio-dalle-930-alle-1300-ritratto-insolito","status":"publish","type":"post","link":"https:\/\/www.illaboratoriodiserenazampini.com\/wordpress\/?p=1243","title":{"rendered":"Domenica 11 dicembre Matin\u00e9 al Laboratorio: RITRATTO INSOLITO"},"content":{"rendered":"<p>Domenica 11 dicembre, di mattina, Sentire l&#8217;Arte si rivolge a te, che non disegni mai, o che vuoi sentirti libera\/o di osare col colore; ma anche a te, che disegni sempre e solo tecnicamente, e magari il tuo approccio \u00e8 solitamente razionale, preciso e molto di testa.  Ecco, questa \u00e8 l&#8217;occasione per nutrire il corpo, l&#8217;istinto, l&#8217;improvvisare. Ti aspetto!<\/p>\n<p>Ohh vi invito a partecipare a questa &#8220;matin\u00e9&#8221; dove vi condurr\u00f2 nel disegno e nel colore con insolita strada da percorrere&#8230; stando per\u00f2 al Laboratorio! Si tratta di ESSERE nel ritratto, CON il ritratto.<br \/>\nLa sessione riguarda noi stessi, nell&#8217;insieme del nostro corpo, il vedersi dentro per portarte poi in superficie la nostra pi\u00f9 intima bellezza, sia quel che sia. Non sarai sola\/o, domenica, saremo in gruppo e dunque osserveremo anche com&#8217;\u00e8 l&#8217;altro; e chiss\u00e0 come l&#8217;altro ci interpreta, ci vede! Sar\u00e0 un gioco di colori e materiali diversi da toccare e usare.<br \/>\nDovrete esser vestiti comodi e adatti a sporcarvi&#8230; pronti a giocare, a colorare e ad ascoltarvi in maniera&#8230; insolita!<\/p>\n<p>Prenotati,la sessione \u00e8 riservata a 5 iscritti.<br \/>\nDomenica 11 dicembre<br \/>\nOrario: dalle 9:30 alle 13:00<br \/>\nCosto: 25 euro (+ tesseramento 10 euro, con validit\u00e0 fino al 31 agosto).<\/p>\n<p><a href=\"http:\/\/www.illaboratoriodiserenazampini.com\/wordpress\/wp-content\/uploads\/2016\/11\/Serena-04-e1480597728201.jpg\"><img loading=\"lazy\" decoding=\"async\" src=\"http:\/\/www.illaboratoriodiserenazampini.com\/wordpress\/wp-content\/uploads\/2016\/11\/Serena-04-e1480597728201.jpg\" alt=\"Serena-04\" width=\"560\" height=\"688\" class=\"alignnone size-full wp-image-1244\" \/><\/a><\/p>\n","protected":false},"excerpt":{"rendered":"<p>Domenica 11 dicembre, di mattina, Sentire l&#8217;Arte si rivolge a te, che non disegni mai, o che vuoi sentirti libera\/o di osare col colore; ma anche a te, che disegni sempre e solo tecnicamente, e magari il tuo approccio \u00e8 solitamente razionale, preciso e molto di testa. Ecco, questa \u00e8 l&#8217;occasione per nutrire il corpo, [&hellip;]<\/p>\n","protected":false},"author":1,"featured_media":0,"comment_status":"closed","ping_status":"closed","sticky":false,"template":"","format":"standard","meta":{"footnotes":""},"categories":[15,13,1,5],"tags":[],"class_list":["post-1243","post","type-post","status-publish","format-standard","hentry","category-arte","category-eventi","category-laboratorio","category-serenartista"],"_links":{"self":[{"href":"https:\/\/www.illaboratoriodiserenazampini.com\/wordpress\/index.php?rest_route=\/wp\/v2\/posts\/1243","targetHints":{"allow":["GET"]}}],"collection":[{"href":"https:\/\/www.illaboratoriodiserenazampini.com\/wordpress\/index.php?rest_route=\/wp\/v2\/posts"}],"about":[{"href":"https:\/\/www.illaboratoriodiserenazampini.com\/wordpress\/index.php?rest_route=\/wp\/v2\/types\/post"}],"author":[{"embeddable":true,"href":"https:\/\/www.illaboratoriodiserenazampini.com\/wordpress\/index.php?rest_route=\/wp\/v2\/users\/1"}],"replies":[{"embeddable":true,"href":"https:\/\/www.illaboratoriodiserenazampini.com\/wordpress\/index.php?rest_route=%2Fwp%2Fv2%2Fcomments&post=1243"}],"version-history":[{"count":7,"href":"https:\/\/www.illaboratoriodiserenazampini.com\/wordpress\/index.php?rest_route=\/wp\/v2\/posts\/1243\/revisions"}],"predecessor-version":[{"id":1330,"href":"https:\/\/www.illaboratoriodiserenazampini.com\/wordpress\/index.php?rest_route=\/wp\/v2\/posts\/1243\/revisions\/1330"}],"wp:attachment":[{"href":"https:\/\/www.illaboratoriodiserenazampini.com\/wordpress\/index.php?rest_route=%2Fwp%2Fv2%2Fmedia&parent=1243"}],"wp:term":[{"taxonomy":"category","embeddable":true,"href":"https:\/\/www.illaboratoriodiserenazampini.com\/wordpress\/index.php?rest_route=%2Fwp%2Fv2%2Fcategories&post=1243"},{"taxonomy":"post_tag","embeddable":true,"href":"https:\/\/www.illaboratoriodiserenazampini.com\/wordpress\/index.php?rest_route=%2Fwp%2Fv2%2Ftags&post=1243"}],"curies":[{"name":"wp","href":"https:\/\/api.w.org\/{rel}","templated":true}]}}